{"id":9949,"date":"2026-08-13T11:15:41","date_gmt":"2026-08-13T11:15:41","guid":{"rendered":"https:\/\/www.hubertus-schuetzenverein.de\/?p=9949"},"modified":"2026-08-13T11:15:42","modified_gmt":"2026-08-13T11:15:42","slug":"pressebericht-schuetzenfest-2026","status":"publish","type":"post","link":"https:\/\/www.hubertus-schuetzenverein.de\/?p=9949","title":{"rendered":"Pressebericht Sch\u00fctzenfest 2026"},"content":{"rendered":"\n<h2 class=\"wp-block-heading\">Erik Pr\u00f6hl ist neuer K\u00f6nig des Hubertus Sch\u00fctzenvereins<\/h2>\n\n\n\n<p class=\"wp-block-paragraph\">Der Hubertus Sch\u00fctzenverein Salzbergen e. V. feierte vom 08.-10. August sein 61. Sch\u00fctzenfest. Er\u00f6ffnet wurde das Sch\u00fctzenfest am Samstagabend wie \u00fcblich mit einem Wortgottesdienst durch Pastor Droste. Im Anschluss daran fand die gro\u00dfe Zeltparty mit dem DJ-Team \u201eXplosion\u201c statt, welches bis in die fr\u00fchen Morgenstunden f\u00fcr Stimmung auf dem Festzelt sorgte.<\/p>\n\n\n\n<p class=\"wp-block-paragraph\">Folgende Sch\u00fctzenbr\u00fcder wurden am Sonntagmittag nach dem Festumzug geehrt: F\u00fcr 50 Jahre Mitgliedschaft Paul Dieckmann, Hermann Grunefeld, Hermann Leifeling, Wilhelm Veerkamp und Hermann Woltermann. F\u00fcr 25 Jahre Mitgliedschaft Wilhelm B\u00f6hmker, Reinhard Br\u00fcnen, Thomas Finzel, Marcel Lohaus und Christian Oberhoff. Der erste Vorsitzende Thomas M\u00fclder wurde f\u00fcr 20 Jahre Vorstandsarbeit geehrt. Marco Thale erhielt eine Ehrung f\u00fcr den Wachek\u00f6nig 2025.<\/p>\n\n\n\n<p class=\"wp-block-paragraph\">Nachdem es im Anschluss f\u00fcr alle Kinder Eis vom Eiswagen gab, fand das j\u00e4hrliche Kinderk\u00f6nigschie\u00dfen statt. Hier gelang es Mats Dartmann die Kinderk\u00f6nigsw\u00fcrde zu erringen, Ella Kempczynski wurde Kinderk\u00f6nigin. Abends fand dann wie gewohnt die gro\u00dfe Tombola auf dem Festzelt mit anschlie\u00dfendem D\u00e4mmerschoppen bei bestem \u201eKongo-Wetter\u201c statt.<\/p>\n\n\n\n<p class=\"wp-block-paragraph\">Nach der Kranzniederlegung, dem Kirchgang und dem traditionellen Schnaps bei der Gemeindeverwaltung am Montagmorgen, gelang es in diesem Jahr Erik Pr\u00f6hl den Vogel abzuschie\u00dfen. Er \u00fcbernahm die Regentschaft von Niels Finke, zur K\u00f6nigin nahm er Anna Focks. Beim Vogelschie\u00dfen gab es au\u00dferdem Abzeichen bzw. Orden f\u00fcr folgende treffsichere Sch\u00fctzen: Ansgar Fissbeck (Linker Fl\u00fcgel), Marius Veismann (Rechter Fl\u00fcgel), Marco Thien (Linke Kralle), Laurens Kampen (Rechte Kralle), David Barkmann (Schwanz), Christian Otten (Kopf), sowie f\u00fcr Ralf Woltermann (Krone), Ulrich Kappenberg (Zepter) und Johannes Leifeling (Apfel). Die Kr\u00f6nung des Sch\u00fctzenfestes war wie immer der sehr gut besuchte K\u00f6nigsball am Montagabend mit der Stimmungsband \u201eFun Time Musik Entertainment\u201c.<\/p>\n\n\n\n<div class=\"wp-block-columns is-layout-flex wp-container-core-columns-is-layout-8f761849 wp-block-columns-is-layout-flex\">\n<div class=\"wp-block-column is-layout-flow wp-block-column-is-layout-flow\">\n<figure class=\"wp-block-image size-large\"><img data-recalc-dims=\"1\" loading=\"lazy\" decoding=\"async\" width=\"706\" height=\"1024\" src=\"https:\/\/i0.wp.com\/www.hubertus-schuetzenverein.de\/wp-content\/uploads\/2026\/08\/Koenigspaar_2026_%C2%A9AOlde-2026-SV-Kongo308.jpg?resize=706%2C1024\" alt=\"2026 - Erik Pr\u00f6hl und Anna Focks\" class=\"wp-image-9935\" srcset=\"https:\/\/i0.wp.com\/www.hubertus-schuetzenverein.de\/wp-content\/uploads\/2026\/08\/Koenigspaar_2026_%C2%A9AOlde-2026-SV-Kongo308-scaled.jpg?resize=706%2C1024&amp;ssl=1 706w, https:\/\/i0.wp.com\/www.hubertus-schuetzenverein.de\/wp-content\/uploads\/2026\/08\/Koenigspaar_2026_%C2%A9AOlde-2026-SV-Kongo308-scaled.jpg?resize=207%2C300&amp;ssl=1 207w, https:\/\/i0.wp.com\/www.hubertus-schuetzenverein.de\/wp-content\/uploads\/2026\/08\/Koenigspaar_2026_%C2%A9AOlde-2026-SV-Kongo308-scaled.jpg?resize=768%2C1113&amp;ssl=1 768w, https:\/\/i0.wp.com\/www.hubertus-schuetzenverein.de\/wp-content\/uploads\/2026\/08\/Koenigspaar_2026_%C2%A9AOlde-2026-SV-Kongo308-scaled.jpg?resize=1059%2C1536&amp;ssl=1 1059w, https:\/\/i0.wp.com\/www.hubertus-schuetzenverein.de\/wp-content\/uploads\/2026\/08\/Koenigspaar_2026_%C2%A9AOlde-2026-SV-Kongo308-scaled.jpg?resize=1413%2C2048&amp;ssl=1 1413w, https:\/\/i0.wp.com\/www.hubertus-schuetzenverein.de\/wp-content\/uploads\/2026\/08\/Koenigspaar_2026_%C2%A9AOlde-2026-SV-Kongo308-scaled.jpg?w=1766&amp;ssl=1 1766w\" sizes=\"auto, (max-width: 706px) 100vw, 706px\" \/><figcaption class=\"wp-element-caption\">2026 &#8211; Erik Pr\u00f6hl und Anna Focks<\/figcaption><\/figure>\n<\/div>\n\n\n\n<div class=\"wp-block-column is-layout-flow wp-block-column-is-layout-flow\">\n<figure class=\"wp-block-image size-large\"><img data-recalc-dims=\"1\" loading=\"lazy\" decoding=\"async\" width=\"768\" height=\"1024\" src=\"https:\/\/i0.wp.com\/www.hubertus-schuetzenverein.de\/wp-content\/uploads\/2026\/08\/Kinderkoenigspaar_2026.jpg?resize=768%2C1024\" alt=\"2026 - Mats Dartmann und Ella Kempczynski\" class=\"wp-image-9936\" srcset=\"https:\/\/i0.wp.com\/www.hubertus-schuetzenverein.de\/wp-content\/uploads\/2026\/08\/Kinderkoenigspaar_2026.jpg?resize=768%2C1024&amp;ssl=1 768w, https:\/\/i0.wp.com\/www.hubertus-schuetzenverein.de\/wp-content\/uploads\/2026\/08\/Kinderkoenigspaar_2026.jpg?resize=225%2C300&amp;ssl=1 225w, https:\/\/i0.wp.com\/www.hubertus-schuetzenverein.de\/wp-content\/uploads\/2026\/08\/Kinderkoenigspaar_2026.jpg?resize=1152%2C1536&amp;ssl=1 1152w, https:\/\/i0.wp.com\/www.hubertus-schuetzenverein.de\/wp-content\/uploads\/2026\/08\/Kinderkoenigspaar_2026.jpg?w=1200&amp;ssl=1 1200w\" sizes=\"auto, (max-width: 768px) 100vw, 768px\" \/><figcaption class=\"wp-element-caption\">2026 &#8211; Mats Dartmann und Ella Kempczynski<\/figcaption><\/figure>\n<\/div>\n<\/div>\n\n\n\n<p class=\"wp-block-paragraph\"><\/p>\n","protected":false},"excerpt":{"rendered":"<p>Erik Pr\u00f6hl ist neuer K\u00f6nig des Hubertus Sch\u00fctzenvereins Der Hubertus Sch\u00fctzenverein Salzbergen e. V. feierte vom 08.-10. August sein 61. Sch\u00fctzenfest. Er\u00f6ffnet wurde das Sch\u00fctzenfest am Samstagabend wie \u00fcblich mit einem Wortgottesdienst durch Pastor Droste. Im Anschluss daran fand die gro\u00dfe Zeltparty mit dem DJ-Team \u201eXplosion\u201c statt, welches bis in die fr\u00fchen Morgenstunden f\u00fcr Stimmung [&hellip;]<\/p>\n","protected":false},"author":1,"featured_media":0,"comment_status":"closed","ping_status":"open","sticky":false,"template":"","format":"standard","meta":{"_jetpack_newsletter_access":"","_jetpack_dont_email_post_to_subs":true,"_jetpack_newsletter_tier_id":0,"_jetpack_memberships_contains_paywalled_content":false,"_jetpack_feature_clip_id":0,"_jetpack_memberships_contains_paid_content":false,"footnotes":"","jetpack_publicize_message":"","jetpack_publicize_feature_enabled":true,"jetpack_social_post_already_shared":false,"jetpack_social_options":{"image_generator_settings":{"template":"highway","default_image_id":0,"font":"","enabled":false},"version":2},"jetpack_post_was_ever_published":false},"categories":[1],"tags":[],"class_list":["post-9949","post","type-post","status-publish","format-standard","hentry","category-infos","entry"],"jetpack_publicize_connections":[],"jetpack_sharing_enabled":true,"jetpack_shortlink":"https:\/\/wp.me\/p8RsoT-2At","jetpack-related-posts":[{"id":8657,"url":"https:\/\/www.hubertus-schuetzenverein.de\/?p=8657","url_meta":{"origin":9949,"position":0},"title":"Einladung Sch\u00fctzenfest 2024","author":"Thorsten","date":"Juli 12, 2024","format":false,"excerpt":"Lieber Sch\u00fctzenbruder, zu unserem Sch\u00fctzenfest vom 10. bis 13. August 2024 laden wir Dich und Deine Angeh\u00f6rigen recht herzlich ein. Programmablauf:Samstag, 10. August 202419:00 Uhr Wortgottesdienst mit Pastor Droste, anschlie\u00dfend findet erstmals das Wachek\u00f6nigschie\u00dfen auf demFestplatz statt. Danach Jugendtanz mit DJ-Team \u201eXplosion\u201c.Am Abend wird, wie gewohnt, am Platzeingang der Eintritt\u2026","rel":"","context":"In &quot;Infos&quot;","block_context":{"text":"Infos","link":"https:\/\/www.hubertus-schuetzenverein.de\/?cat=1"},"img":{"alt_text":"","src":"","width":0,"height":0},"classes":[]},{"id":8664,"url":"https:\/\/www.hubertus-schuetzenverein.de\/?p=8664","url_meta":{"origin":9949,"position":1},"title":"Torbogen erfolgreich restauriert","author":"Thorsten","date":"Juli 26, 2024","format":false,"excerpt":"Dem einen oder anderen ist in der Vergangenheit bereits aufgefallen, dass der Torbogen nicht mehr in bestem Zustand war. Nachdem sich auch erste L\u00f6cher zeigten, war man zum Handeln gezwungen. Umso gl\u00fccklicher ist man nun, dass nach etlichen ehrenamtlichen Stunden und vielen anpackenden H\u00e4nden der Torbogen erfolgreich restauriert wurde. Besonders\u2026","rel":"","context":"In &quot;Infos&quot;","block_context":{"text":"Infos","link":"https:\/\/www.hubertus-schuetzenverein.de\/?cat=1"},"img":{"alt_text":"","src":"https:\/\/i0.wp.com\/www.hubertus-schuetzenverein.de\/wp-content\/uploads\/2024\/07\/WhatsApp-Image-2024-07-24-at-14.36.41-1.jpeg?resize=350%2C200","width":350,"height":200,"srcset":"https:\/\/i0.wp.com\/www.hubertus-schuetzenverein.de\/wp-content\/uploads\/2024\/07\/WhatsApp-Image-2024-07-24-at-14.36.41-1.jpeg?resize=350%2C200 1x, https:\/\/i0.wp.com\/www.hubertus-schuetzenverein.de\/wp-content\/uploads\/2024\/07\/WhatsApp-Image-2024-07-24-at-14.36.41-1.jpeg?resize=525%2C300 1.5x, https:\/\/i0.wp.com\/www.hubertus-schuetzenverein.de\/wp-content\/uploads\/2024\/07\/WhatsApp-Image-2024-07-24-at-14.36.41-1.jpeg?resize=700%2C400 2x, https:\/\/i0.wp.com\/www.hubertus-schuetzenverein.de\/wp-content\/uploads\/2024\/07\/WhatsApp-Image-2024-07-24-at-14.36.41-1.jpeg?resize=1050%2C600 3x, https:\/\/i0.wp.com\/www.hubertus-schuetzenverein.de\/wp-content\/uploads\/2024\/07\/WhatsApp-Image-2024-07-24-at-14.36.41-1.jpeg?resize=1400%2C800 4x"},"classes":[]},{"id":8367,"url":"https:\/\/www.hubertus-schuetzenverein.de\/?p=8367","url_meta":{"origin":9949,"position":2},"title":"Bericht der Generalversammlung 2022","author":"Thorsten","date":"November 28, 2022","format":false,"excerpt":"Neuwahlen beim Hubertus-Sch\u00fctzenverein Salzbergen e.V Der Vorstand des Hubertus-Sch\u00fctzenverein Salzbergen e.V. wurde auf der Generalversammlung durch 2 neue Mitglieder verst\u00e4rkt. Die Sch\u00fctzenbr\u00fcder Bernd Elling und Bj\u00f6rn Cichon wurden verabschiedet. Auf das Pr\u00e4sent, das die beiden f\u00fcr ihre jahrelange Vorstandsarbeit bekommen h\u00e4tten, verzichteten sie und spendeten den Betrag an die Kindertagesst\u00e4tte\u2026","rel":"","context":"In &quot;Infos&quot;","block_context":{"text":"Infos","link":"https:\/\/www.hubertus-schuetzenverein.de\/?cat=1"},"img":{"alt_text":"","src":"https:\/\/i0.wp.com\/www.hubertus-schuetzenverein.de\/wp-content\/uploads\/2022\/12\/85D827CE-191C-4C8F-86C8-4DCC07492671-scaled.jpeg?resize=350%2C200&ssl=1","width":350,"height":200,"srcset":"https:\/\/i0.wp.com\/www.hubertus-schuetzenverein.de\/wp-content\/uploads\/2022\/12\/85D827CE-191C-4C8F-86C8-4DCC07492671-scaled.jpeg?resize=350%2C200&ssl=1 1x, https:\/\/i0.wp.com\/www.hubertus-schuetzenverein.de\/wp-content\/uploads\/2022\/12\/85D827CE-191C-4C8F-86C8-4DCC07492671-scaled.jpeg?resize=525%2C300&ssl=1 1.5x, https:\/\/i0.wp.com\/www.hubertus-schuetzenverein.de\/wp-content\/uploads\/2022\/12\/85D827CE-191C-4C8F-86C8-4DCC07492671-scaled.jpeg?resize=700%2C400&ssl=1 2x, https:\/\/i0.wp.com\/www.hubertus-schuetzenverein.de\/wp-content\/uploads\/2022\/12\/85D827CE-191C-4C8F-86C8-4DCC07492671-scaled.jpeg?resize=1050%2C600&ssl=1 3x, https:\/\/i0.wp.com\/www.hubertus-schuetzenverein.de\/wp-content\/uploads\/2022\/12\/85D827CE-191C-4C8F-86C8-4DCC07492671-scaled.jpeg?resize=1400%2C800&ssl=1 4x"},"classes":[]},{"id":8522,"url":"https:\/\/www.hubertus-schuetzenverein.de\/?p=8522","url_meta":{"origin":9949,"position":3},"title":"Einladung Generalversammlung 2023","author":"Thorsten","date":"November 8, 2023","format":false,"excerpt":"Zur Generalversammlung am Samstag, den 25.11.2023 im Dorfgemeinschaftshaus Steideladen wir Dich herzlich ein.Beginn: 19:00 UhrDie Tagesordnung sieht folgende Punkte vor: Begr\u00fc\u00dfung Feststellung der ordnungsgem\u00e4\u00dfen Einladung Feststellung der Beschlussf\u00e4higkeit Genehmigung der Tagesordnung Protokoll der Generalversammlung 2022 Jahresr\u00fcckblick 2023 Bericht des Kassenwartes Bericht des Kassenpr\u00fcfers Aussprache \u00fcber die Berichte Entlastung des Vorstandes\u2026","rel":"","context":"In &quot;Infos&quot;","block_context":{"text":"Infos","link":"https:\/\/www.hubertus-schuetzenverein.de\/?cat=1"},"img":{"alt_text":"","src":"","width":0,"height":0},"classes":[]},{"id":8364,"url":"https:\/\/www.hubertus-schuetzenverein.de\/?p=8364","url_meta":{"origin":9949,"position":4},"title":"Hubertus-Sch\u00fctzenverein gewinnt Salzbergener Ortspokalschie\u00dfen","author":"Thorsten","date":"M\u00e4rz 1, 2023","format":false,"excerpt":"Mit 2 Schie\u00dfguppen nahm unser Sch\u00fctzenverein in diesem Jahr wieder am Ortspokalturnier Teil. Unsere 1. Mannschaft erreichte hierbei mit 299,3 Ringen den 1. Platz.Unsere 2. Mannschaft holte mit 289 Ringen den 6. Platz.Nachdem 2 mal Corona bedingt das Schie\u00dfen ausfallen musste, holt unsere Schie\u00dfgruppe den Pokal nach 2016,2018 und nun\u2026","rel":"","context":"In &quot;Infos&quot;","block_context":{"text":"Infos","link":"https:\/\/www.hubertus-schuetzenverein.de\/?cat=1"},"img":{"alt_text":"","src":"https:\/\/i0.wp.com\/www.hubertus-schuetzenverein.de\/wp-content\/uploads\/2023\/02\/B172C567-C1EC-43EC-9D85-E8412B8BA6C6.jpeg?resize=350%2C200&ssl=1","width":350,"height":200,"srcset":"https:\/\/i0.wp.com\/www.hubertus-schuetzenverein.de\/wp-content\/uploads\/2023\/02\/B172C567-C1EC-43EC-9D85-E8412B8BA6C6.jpeg?resize=350%2C200&ssl=1 1x, https:\/\/i0.wp.com\/www.hubertus-schuetzenverein.de\/wp-content\/uploads\/2023\/02\/B172C567-C1EC-43EC-9D85-E8412B8BA6C6.jpeg?resize=525%2C300&ssl=1 1.5x, https:\/\/i0.wp.com\/www.hubertus-schuetzenverein.de\/wp-content\/uploads\/2023\/02\/B172C567-C1EC-43EC-9D85-E8412B8BA6C6.jpeg?resize=700%2C400&ssl=1 2x"},"classes":[]},{"id":8622,"url":"https:\/\/www.hubertus-schuetzenverein.de\/?p=8622","url_meta":{"origin":9949,"position":5},"title":"Bericht Generalversammlung 2023","author":"Thorsten","date":"Januar 8, 2024","format":false,"excerpt":"Neuer Festwirt beim Hubertus-Sch\u00fctzenverein Salzbergen e.V. Am 25.11.2023 fand die Generalversammlung des Hubertus-Sch\u00fctzenvereins Salzbergen e.V. im Dorfgemeinschaftshaus Steide statt. Hierzu konnte der erste Vorsitzende Thomas M\u00fclder die in gro\u00dfer Zahl erschienenen Mitglieder und insbesondere Ehrenoberst Willi Sch\u00fcring, Ehrenadjudanten Heinz Piepel und Ehrenvorstand Bernhard Elling begr\u00fc\u00dfen. Nach dem Verlesen des Protokolls\u2026","rel":"","context":"In &quot;Infos&quot;","block_context":{"text":"Infos","link":"https:\/\/www.hubertus-schuetzenverein.de\/?cat=1"},"img":{"alt_text":"","src":"","width":0,"height":0},"classes":[]}],"jetpack_featured_media_url":"","_links":{"self":[{"href":"https:\/\/www.hubertus-schuetzenverein.de\/index.php?rest_route=\/wp\/v2\/posts\/9949","targetHints":{"allow":["GET"]}}],"collection":[{"href":"https:\/\/www.hubertus-schuetzenverein.de\/index.php?rest_route=\/wp\/v2\/posts"}],"about":[{"href":"https:\/\/www.hubertus-schuetzenverein.de\/index.php?rest_route=\/wp\/v2\/types\/post"}],"author":[{"embeddable":true,"href":"https:\/\/www.hubertus-schuetzenverein.de\/index.php?rest_route=\/wp\/v2\/users\/1"}],"replies":[{"embeddable":true,"href":"https:\/\/www.hubertus-schuetzenverein.de\/index.php?rest_route=%2Fwp%2Fv2%2Fcomments&post=9949"}],"version-history":[{"count":1,"href":"https:\/\/www.hubertus-schuetzenverein.de\/index.php?rest_route=\/wp\/v2\/posts\/9949\/revisions"}],"predecessor-version":[{"id":9952,"href":"https:\/\/www.hubertus-schuetzenverein.de\/index.php?rest_route=\/wp\/v2\/posts\/9949\/revisions\/9952"}],"wp:attachment":[{"href":"https:\/\/www.hubertus-schuetzenverein.de\/index.php?rest_route=%2Fwp%2Fv2%2Fmedia&parent=9949"}],"wp:term":[{"taxonomy":"category","embeddable":true,"href":"https:\/\/www.hubertus-schuetzenverein.de\/index.php?rest_route=%2Fwp%2Fv2%2Fcategories&post=9949"},{"taxonomy":"post_tag","embeddable":true,"href":"https:\/\/www.hubertus-schuetzenverein.de\/index.php?rest_route=%2Fwp%2Fv2%2Ftags&post=9949"}],"curies":[{"name":"wp","href":"https:\/\/api.w.org\/{rel}","templated":true}]}}