{"id":8622,"date":"2024-01-08T12:49:25","date_gmt":"2024-01-08T12:49:25","guid":{"rendered":"http:\/\/www.hubertus-schuetzenverein.de\/?p=8622"},"modified":"2024-01-08T12:49:28","modified_gmt":"2024-01-08T12:49:28","slug":"bericht-generalversammlung-2023","status":"publish","type":"post","link":"https:\/\/www.hubertus-schuetzenverein.de\/?p=8622","title":{"rendered":"Bericht Generalversammlung 2023"},"content":{"rendered":"\n<p class=\"wp-block-paragraph\" id=\"E120\"><strong>Neu<\/strong><strong>er Festwirt<\/strong><strong> beim Hubertus-Sch\u00fctzenverein Salzbergen e.V<\/strong><strong>.<\/strong><\/p>\n\n\n\n<p class=\"wp-block-paragraph\" id=\"E125\">Am 25.11.2023 fand die Generalversammlung des Hubertus-Sch\u00fctzenvereins Salzbergen e.V. im Dorfgemeinschaftshaus Steide statt. Hierzu konnte der erste Vorsitzende Thomas M\u00fclder die in gro\u00dfer Zahl erschienenen Mitglieder und insbesondere Ehrenoberst Willi Sch\u00fcring, Ehrenadjudanten Heinz Piepel und Ehrenvorstand Bernhard Elling begr\u00fc\u00dfen. Nach dem Verlesen des Protokolls und der Berichte verk\u00fcndete der Vorstand, dass das Vertragsverh\u00e4ltnis mit dem bisherigen Festwirt F. Welling aufgrund der in diesem Jahr aufgetretenen Probleme fristgerecht im September gek\u00fcndigt und somit beendet wurde. Als neuen Festwirt konnte der Vorstand M. Korte aus Rheine gewinnen, der auch bei anderen Vereinen in Salzbergen als Festwirt agiert. Unter anderem ist damit auch der Getr\u00e4nkeverkauf mittels Wertmarken nun wieder Geschichte. Au\u00dferdem k\u00fcndigte Thomas M\u00fclder an, dass auch im Jahr 2024 wieder Investitionen get\u00e4tigt werden, wie etwa die komplette Erneuerung des Torbogens am Sch\u00fctzenfestplatz. Neuwahlen von Vorstandsposten waren in diesem Jahr nicht erforderlich, sodass der Vorstand sich wie bereits im vergangenen Jahr zusammensetzt aus: 1. Vorsitzender Thomas M\u00fclder, 2. Vorsitzender Matthias R\u00f6ttering, 1. Kassierer Daniel Thien, 2. Kassierer Andr\u00e9 Elling, 1. Schriftf\u00fchrer Thorsten Veerkamp, 2. Schriftf\u00fchrer Steffen Elfert, 1. Beisitzer Michael B\u00fcnker, 2. Beisitzer Matthias B\u00fcnker, 1. Jugendvertreter Marco Thale, 2. Jugendvertreter Mathis K\u00fcthe.<\/p>\n","protected":false},"excerpt":{"rendered":"<p>Neuer Festwirt beim Hubertus-Sch\u00fctzenverein Salzbergen e.V. Am 25.11.2023 fand die Generalversammlung des Hubertus-Sch\u00fctzenvereins Salzbergen e.V. im Dorfgemeinschaftshaus Steide statt. Hierzu konnte der erste Vorsitzende Thomas M\u00fclder die in gro\u00dfer Zahl erschienenen Mitglieder und insbesondere Ehrenoberst Willi Sch\u00fcring, Ehrenadjudanten Heinz Piepel und Ehrenvorstand Bernhard Elling begr\u00fc\u00dfen. Nach dem Verlesen des Protokolls und der Berichte verk\u00fcndete der [&hellip;]<\/p>\n","protected":false},"author":1,"featured_media":0,"comment_status":"closed","ping_status":"open","sticky":false,"template":"","format":"standard","meta":{"_jetpack_newsletter_access":"","_jetpack_dont_email_post_to_subs":false,"_jetpack_newsletter_tier_id":0,"_jetpack_memberships_contains_paywalled_content":false,"_jetpack_feature_clip_id":0,"_jetpack_memberships_contains_paid_content":false,"footnotes":"","jetpack_publicize_message":"","jetpack_publicize_feature_enabled":true,"jetpack_social_post_already_shared":true,"jetpack_social_options":{"image_generator_settings":{"template":"highway","default_image_id":0,"font":"","enabled":false},"version":2},"jetpack_post_was_ever_published":false},"categories":[1],"tags":[],"class_list":["post-8622","post","type-post","status-publish","format-standard","hentry","category-infos","entry"],"jetpack_publicize_connections":[],"jetpack_sharing_enabled":true,"jetpack_shortlink":"https:\/\/wp.me\/p8RsoT-2f4","jetpack-related-posts":[{"id":8367,"url":"https:\/\/www.hubertus-schuetzenverein.de\/?p=8367","url_meta":{"origin":8622,"position":0},"title":"Bericht der Generalversammlung 2022","author":"Thorsten","date":"November 28, 2022","format":false,"excerpt":"Neuwahlen beim Hubertus-Sch\u00fctzenverein Salzbergen e.V Der Vorstand des Hubertus-Sch\u00fctzenverein Salzbergen e.V. wurde auf der Generalversammlung durch 2 neue Mitglieder verst\u00e4rkt. Die Sch\u00fctzenbr\u00fcder Bernd Elling und Bj\u00f6rn Cichon wurden verabschiedet. Auf das Pr\u00e4sent, das die beiden f\u00fcr ihre jahrelange Vorstandsarbeit bekommen h\u00e4tten, verzichteten sie und spendeten den Betrag an die Kindertagesst\u00e4tte\u2026","rel":"","context":"In &quot;Infos&quot;","block_context":{"text":"Infos","link":"https:\/\/www.hubertus-schuetzenverein.de\/?cat=1"},"img":{"alt_text":"","src":"https:\/\/i0.wp.com\/www.hubertus-schuetzenverein.de\/wp-content\/uploads\/2022\/12\/85D827CE-191C-4C8F-86C8-4DCC07492671-scaled.jpeg?resize=350%2C200&ssl=1","width":350,"height":200,"srcset":"https:\/\/i0.wp.com\/www.hubertus-schuetzenverein.de\/wp-content\/uploads\/2022\/12\/85D827CE-191C-4C8F-86C8-4DCC07492671-scaled.jpeg?resize=350%2C200&ssl=1 1x, https:\/\/i0.wp.com\/www.hubertus-schuetzenverein.de\/wp-content\/uploads\/2022\/12\/85D827CE-191C-4C8F-86C8-4DCC07492671-scaled.jpeg?resize=525%2C300&ssl=1 1.5x, https:\/\/i0.wp.com\/www.hubertus-schuetzenverein.de\/wp-content\/uploads\/2022\/12\/85D827CE-191C-4C8F-86C8-4DCC07492671-scaled.jpeg?resize=700%2C400&ssl=1 2x, https:\/\/i0.wp.com\/www.hubertus-schuetzenverein.de\/wp-content\/uploads\/2022\/12\/85D827CE-191C-4C8F-86C8-4DCC07492671-scaled.jpeg?resize=1050%2C600&ssl=1 3x, https:\/\/i0.wp.com\/www.hubertus-schuetzenverein.de\/wp-content\/uploads\/2022\/12\/85D827CE-191C-4C8F-86C8-4DCC07492671-scaled.jpeg?resize=1400%2C800&ssl=1 4x"},"classes":[]},{"id":9061,"url":"https:\/\/www.hubertus-schuetzenverein.de\/?p=9061","url_meta":{"origin":8622,"position":1},"title":"Neuwahlen beim Hubertus-Sch\u00fctzenverein Salzbergen e.V.","author":"Thorsten","date":"November 28, 2024","format":false,"excerpt":"Am 23.11.2024 fand im Dorfgemeinschaftshaus Steide die Generalversammlung des Hubertus-Sch\u00fctzenverein Salzbergen e.V. statt, nach der aufgrund der Wiederwahl mehrerer Vorstandsmitglieder der Vorstand nun nach wie vor aus den folgenden Personen besteht: 1. Vorsitzender Thomas M\u00fclder, 2. Vorsitzender Matthias R\u00f6ttering, 1. Kassierer Daniel Thien, 2. Kassierer Andr\u00e9 Elling, 1. Schriftf\u00fchrer Thorsten\u2026","rel":"","context":"In &quot;Infos&quot;","block_context":{"text":"Infos","link":"https:\/\/www.hubertus-schuetzenverein.de\/?cat=1"},"img":{"alt_text":"","src":"https:\/\/i0.wp.com\/www.hubertus-schuetzenverein.de\/wp-content\/uploads\/2024\/11\/Foto_Vorstand-scaled.jpg?resize=350%2C200&ssl=1","width":350,"height":200,"srcset":"https:\/\/i0.wp.com\/www.hubertus-schuetzenverein.de\/wp-content\/uploads\/2024\/11\/Foto_Vorstand-scaled.jpg?resize=350%2C200&ssl=1 1x, https:\/\/i0.wp.com\/www.hubertus-schuetzenverein.de\/wp-content\/uploads\/2024\/11\/Foto_Vorstand-scaled.jpg?resize=525%2C300&ssl=1 1.5x, https:\/\/i0.wp.com\/www.hubertus-schuetzenverein.de\/wp-content\/uploads\/2024\/11\/Foto_Vorstand-scaled.jpg?resize=700%2C400&ssl=1 2x, https:\/\/i0.wp.com\/www.hubertus-schuetzenverein.de\/wp-content\/uploads\/2024\/11\/Foto_Vorstand-scaled.jpg?resize=1050%2C600&ssl=1 3x, https:\/\/i0.wp.com\/www.hubertus-schuetzenverein.de\/wp-content\/uploads\/2024\/11\/Foto_Vorstand-scaled.jpg?resize=1400%2C800&ssl=1 4x"},"classes":[]},{"id":8522,"url":"https:\/\/www.hubertus-schuetzenverein.de\/?p=8522","url_meta":{"origin":8622,"position":2},"title":"Einladung Generalversammlung 2023","author":"Thorsten","date":"November 8, 2023","format":false,"excerpt":"Zur Generalversammlung am Samstag, den 25.11.2023 im Dorfgemeinschaftshaus Steideladen wir Dich herzlich ein.Beginn: 19:00 UhrDie Tagesordnung sieht folgende Punkte vor: Begr\u00fc\u00dfung Feststellung der ordnungsgem\u00e4\u00dfen Einladung Feststellung der Beschlussf\u00e4higkeit Genehmigung der Tagesordnung Protokoll der Generalversammlung 2022 Jahresr\u00fcckblick 2023 Bericht des Kassenwartes Bericht des Kassenpr\u00fcfers Aussprache \u00fcber die Berichte Entlastung des Vorstandes\u2026","rel":"","context":"In &quot;Infos&quot;","block_context":{"text":"Infos","link":"https:\/\/www.hubertus-schuetzenverein.de\/?cat=1"},"img":{"alt_text":"","src":"","width":0,"height":0},"classes":[]},{"id":9047,"url":"https:\/\/www.hubertus-schuetzenverein.de\/?p=9047","url_meta":{"origin":8622,"position":3},"title":"Einladung Generalversammlung 2024","author":"Thorsten","date":"Oktober 28, 2024","format":false,"excerpt":"Zur Generalversammlung am Samstag, den 23.11.2024 im Dorfgemeinschaftshaus Steide laden wir Dich herzlich ein. Beginn: 19:00 Uhr Die Tagesordnung sieht folgende Punkte vor: Begr\u00fc\u00dfung Feststellung der ordnungsgem\u00e4\u00dfen Einladung Feststellung der Beschlussf\u00e4higkeit Genehmigung der Tagesordnung Protokoll der Generalversammlung 2023 Jahresr\u00fcckblick 2024 Bericht des Kassenwartes Bericht des Kassenpr\u00fcfers Aussprache \u00fcber die Berichte\u2026","rel":"","context":"In &quot;Infos&quot;","block_context":{"text":"Infos","link":"https:\/\/www.hubertus-schuetzenverein.de\/?cat=1"},"img":{"alt_text":"","src":"","width":0,"height":0},"classes":[]},{"id":9949,"url":"https:\/\/www.hubertus-schuetzenverein.de\/?p=9949","url_meta":{"origin":8622,"position":4},"title":"Pressebericht Sch\u00fctzenfest 2026","author":"Thorsten","date":"August 13, 2026","format":false,"excerpt":"Erik Pr\u00f6hl ist neuer K\u00f6nig des Hubertus Sch\u00fctzenvereins Der Hubertus Sch\u00fctzenverein Salzbergen e. V. feierte vom 08.-10. August sein 61. Sch\u00fctzenfest. Er\u00f6ffnet wurde das Sch\u00fctzenfest am Samstagabend wie \u00fcblich mit einem Wortgottesdienst durch Pastor Droste. Im Anschluss daran fand die gro\u00dfe Zeltparty mit dem DJ-Team \u201eXplosion\u201c statt, welches bis in\u2026","rel":"","context":"In &quot;Infos&quot;","block_context":{"text":"Infos","link":"https:\/\/www.hubertus-schuetzenverein.de\/?cat=1"},"img":{"alt_text":"2026 - Erik Pr\u00f6hl und Anna Focks","src":"https:\/\/i0.wp.com\/www.hubertus-schuetzenverein.de\/wp-content\/uploads\/2026\/08\/Koenigspaar_2026_%C2%A9AOlde-2026-SV-Kongo308-scaled.jpg?resize=350%2C200&ssl=1","width":350,"height":200,"srcset":"https:\/\/i0.wp.com\/www.hubertus-schuetzenverein.de\/wp-content\/uploads\/2026\/08\/Koenigspaar_2026_%C2%A9AOlde-2026-SV-Kongo308-scaled.jpg?resize=350%2C200&ssl=1 1x, https:\/\/i0.wp.com\/www.hubertus-schuetzenverein.de\/wp-content\/uploads\/2026\/08\/Koenigspaar_2026_%C2%A9AOlde-2026-SV-Kongo308-scaled.jpg?resize=525%2C300&ssl=1 1.5x, https:\/\/i0.wp.com\/www.hubertus-schuetzenverein.de\/wp-content\/uploads\/2026\/08\/Koenigspaar_2026_%C2%A9AOlde-2026-SV-Kongo308-scaled.jpg?resize=700%2C400&ssl=1 2x, https:\/\/i0.wp.com\/www.hubertus-schuetzenverein.de\/wp-content\/uploads\/2026\/08\/Koenigspaar_2026_%C2%A9AOlde-2026-SV-Kongo308-scaled.jpg?resize=1050%2C600&ssl=1 3x, https:\/\/i0.wp.com\/www.hubertus-schuetzenverein.de\/wp-content\/uploads\/2026\/08\/Koenigspaar_2026_%C2%A9AOlde-2026-SV-Kongo308-scaled.jpg?resize=1400%2C800&ssl=1 4x"},"classes":[]},{"id":8657,"url":"https:\/\/www.hubertus-schuetzenverein.de\/?p=8657","url_meta":{"origin":8622,"position":5},"title":"Einladung Sch\u00fctzenfest 2024","author":"Thorsten","date":"Juli 12, 2024","format":false,"excerpt":"Lieber Sch\u00fctzenbruder, zu unserem Sch\u00fctzenfest vom 10. bis 13. August 2024 laden wir Dich und Deine Angeh\u00f6rigen recht herzlich ein. Programmablauf:Samstag, 10. August 202419:00 Uhr Wortgottesdienst mit Pastor Droste, anschlie\u00dfend findet erstmals das Wachek\u00f6nigschie\u00dfen auf demFestplatz statt. Danach Jugendtanz mit DJ-Team \u201eXplosion\u201c.Am Abend wird, wie gewohnt, am Platzeingang der Eintritt\u2026","rel":"","context":"In &quot;Infos&quot;","block_context":{"text":"Infos","link":"https:\/\/www.hubertus-schuetzenverein.de\/?cat=1"},"img":{"alt_text":"","src":"","width":0,"height":0},"classes":[]}],"jetpack_featured_media_url":"","_links":{"self":[{"href":"https:\/\/www.hubertus-schuetzenverein.de\/index.php?rest_route=\/wp\/v2\/posts\/8622","targetHints":{"allow":["GET"]}}],"collection":[{"href":"https:\/\/www.hubertus-schuetzenverein.de\/index.php?rest_route=\/wp\/v2\/posts"}],"about":[{"href":"https:\/\/www.hubertus-schuetzenverein.de\/index.php?rest_route=\/wp\/v2\/types\/post"}],"author":[{"embeddable":true,"href":"https:\/\/www.hubertus-schuetzenverein.de\/index.php?rest_route=\/wp\/v2\/users\/1"}],"replies":[{"embeddable":true,"href":"https:\/\/www.hubertus-schuetzenverein.de\/index.php?rest_route=%2Fwp%2Fv2%2Fcomments&post=8622"}],"version-history":[{"count":1,"href":"https:\/\/www.hubertus-schuetzenverein.de\/index.php?rest_route=\/wp\/v2\/posts\/8622\/revisions"}],"predecessor-version":[{"id":8623,"href":"https:\/\/www.hubertus-schuetzenverein.de\/index.php?rest_route=\/wp\/v2\/posts\/8622\/revisions\/8623"}],"wp:attachment":[{"href":"https:\/\/www.hubertus-schuetzenverein.de\/index.php?rest_route=%2Fwp%2Fv2%2Fmedia&parent=8622"}],"wp:term":[{"taxonomy":"category","embeddable":true,"href":"https:\/\/www.hubertus-schuetzenverein.de\/index.php?rest_route=%2Fwp%2Fv2%2Fcategories&post=8622"},{"taxonomy":"post_tag","embeddable":true,"href":"https:\/\/www.hubertus-schuetzenverein.de\/index.php?rest_route=%2Fwp%2Fv2%2Ftags&post=8622"}],"curies":[{"name":"wp","href":"https:\/\/api.w.org\/{rel}","templated":true}]}}