{"id":8364,"date":"2023-03-01T10:53:03","date_gmt":"2023-03-01T10:53:03","guid":{"rendered":"http:\/\/www.hubertus-schuetzenverein.de\/?p=8364"},"modified":"2023-11-08T14:13:40","modified_gmt":"2023-11-08T14:13:40","slug":"hubertus-schuetzenverein-gewinnt-salzbergener-ortspokalschiessen","status":"publish","type":"post","link":"https:\/\/www.hubertus-schuetzenverein.de\/?p=8364","title":{"rendered":"Hubertus-Sch\u00fctzenverein gewinnt Salzbergener Ortspokalschie\u00dfen"},"content":{"rendered":"\n<p class=\"wp-block-paragraph\">Mit 2 Schie\u00dfguppen nahm unser Sch\u00fctzenverein in diesem Jahr wieder am Ortspokalturnier Teil. Unsere 1. Mannschaft erreichte hierbei mit 299,3 Ringen den 1. Platz.<br>Unsere 2. Mannschaft holte mit 289 Ringen den 6. Platz.<br>Nachdem 2 mal Corona bedingt das Schie\u00dfen ausfallen musste, holt unsere Schie\u00dfgruppe den Pokal nach 2016,2018 und nun 2023 zum 3. mal.<\/p>\n\n\n\n<p class=\"wp-block-paragraph\">Folgende Sch\u00fctzen traten hierbei f\u00fcr den Langenberg an:<br>Team 1:<br>Franz Reckers, J\u00fcrgen Kestering und Thomas Scheepers.<\/p>\n\n\n\n<p class=\"wp-block-paragraph\">Team 2: Michael Busch\/Marius Veismann, Stephan Kaiser, Andreas Reckers.<\/p>\n\n\n\n<p class=\"wp-block-paragraph\">Auf dem Foto zu sehen beide Langenberger Schie\u00dfgruppen sowie der Pokal und die Urkunden.<\/p>\n\n\n\n<p class=\"wp-block-paragraph\">Solltet ihr als Vereinsmitglied, Interesse am Schie\u00dfsport haben, meldet euch bei uns.<\/p>\n\n\n\n<figure class=\"wp-block-image size-full\"><a href=\"https:\/\/i0.wp.com\/www.hubertus-schuetzenverein.de\/wp-content\/uploads\/2023\/02\/B172C567-C1EC-43EC-9D85-E8412B8BA6C6.jpeg\"><img data-recalc-dims=\"1\" loading=\"lazy\" decoding=\"async\" width=\"1024\" height=\"768\" src=\"https:\/\/i0.wp.com\/www.hubertus-schuetzenverein.de\/wp-content\/uploads\/2023\/02\/B172C567-C1EC-43EC-9D85-E8412B8BA6C6.jpeg?resize=1024%2C768\" alt=\"\" class=\"wp-image-7782\" srcset=\"https:\/\/i0.wp.com\/www.hubertus-schuetzenverein.de\/wp-content\/uploads\/2023\/02\/B172C567-C1EC-43EC-9D85-E8412B8BA6C6.jpeg?w=1024&amp;ssl=1 1024w, https:\/\/i0.wp.com\/www.hubertus-schuetzenverein.de\/wp-content\/uploads\/2023\/02\/B172C567-C1EC-43EC-9D85-E8412B8BA6C6.jpeg?resize=300%2C225&amp;ssl=1 300w, https:\/\/i0.wp.com\/www.hubertus-schuetzenverein.de\/wp-content\/uploads\/2023\/02\/B172C567-C1EC-43EC-9D85-E8412B8BA6C6.jpeg?resize=768%2C576&amp;ssl=1 768w\" sizes=\"auto, (max-width: 1024px) 100vw, 1024px\" \/><\/a><\/figure>\n","protected":false},"excerpt":{"rendered":"<p>Mit 2 Schie\u00dfguppen nahm unser Sch\u00fctzenverein in diesem Jahr wieder am Ortspokalturnier Teil. Unsere 1. Mannschaft erreichte hierbei mit 299,3 Ringen den 1. Platz.Unsere 2. Mannschaft holte mit 289 Ringen den 6. Platz.Nachdem 2 mal Corona bedingt das Schie\u00dfen ausfallen musste, holt unsere Schie\u00dfgruppe den Pokal nach 2016,2018 und nun 2023 zum 3. mal. Folgende [&hellip;]<\/p>\n","protected":false},"author":1,"featured_media":0,"comment_status":"closed","ping_status":"open","sticky":false,"template":"","format":"standard","meta":{"_jetpack_newsletter_access":"","_jetpack_dont_email_post_to_subs":false,"_jetpack_newsletter_tier_id":0,"_jetpack_memberships_contains_paywalled_content":false,"_jetpack_feature_clip_id":0,"_jetpack_memberships_contains_paid_content":false,"footnotes":"","jetpack_publicize_message":"","jetpack_publicize_feature_enabled":true,"jetpack_social_post_already_shared":true,"jetpack_social_options":{"image_generator_settings":{"template":"highway","default_image_id":0,"font":"","enabled":false},"version":2},"jetpack_post_was_ever_published":false},"categories":[1],"tags":[],"class_list":["post-8364","post","type-post","status-publish","format-standard","hentry","category-infos","entry"],"jetpack_publicize_connections":[],"jetpack_sharing_enabled":true,"jetpack_shortlink":"https:\/\/wp.me\/p8RsoT-2aU","jetpack-related-posts":[{"id":9949,"url":"https:\/\/www.hubertus-schuetzenverein.de\/?p=9949","url_meta":{"origin":8364,"position":0},"title":"Pressebericht Sch\u00fctzenfest 2026","author":"Thorsten","date":"August 13, 2026","format":false,"excerpt":"Erik Pr\u00f6hl ist neuer K\u00f6nig des Hubertus Sch\u00fctzenvereins Der Hubertus Sch\u00fctzenverein Salzbergen e. V. feierte vom 08.-10. August sein 61. Sch\u00fctzenfest. Er\u00f6ffnet wurde das Sch\u00fctzenfest am Samstagabend wie \u00fcblich mit einem Wortgottesdienst durch Pastor Droste. Im Anschluss daran fand die gro\u00dfe Zeltparty mit dem DJ-Team \u201eXplosion\u201c statt, welches bis in\u2026","rel":"","context":"In &quot;Infos&quot;","block_context":{"text":"Infos","link":"https:\/\/www.hubertus-schuetzenverein.de\/?cat=1"},"img":{"alt_text":"2026 - Erik Pr\u00f6hl und Anna Focks","src":"https:\/\/i0.wp.com\/www.hubertus-schuetzenverein.de\/wp-content\/uploads\/2026\/08\/Koenigspaar_2026_%C2%A9AOlde-2026-SV-Kongo308-scaled.jpg?resize=350%2C200&ssl=1","width":350,"height":200,"srcset":"https:\/\/i0.wp.com\/www.hubertus-schuetzenverein.de\/wp-content\/uploads\/2026\/08\/Koenigspaar_2026_%C2%A9AOlde-2026-SV-Kongo308-scaled.jpg?resize=350%2C200&ssl=1 1x, https:\/\/i0.wp.com\/www.hubertus-schuetzenverein.de\/wp-content\/uploads\/2026\/08\/Koenigspaar_2026_%C2%A9AOlde-2026-SV-Kongo308-scaled.jpg?resize=525%2C300&ssl=1 1.5x, https:\/\/i0.wp.com\/www.hubertus-schuetzenverein.de\/wp-content\/uploads\/2026\/08\/Koenigspaar_2026_%C2%A9AOlde-2026-SV-Kongo308-scaled.jpg?resize=700%2C400&ssl=1 2x, https:\/\/i0.wp.com\/www.hubertus-schuetzenverein.de\/wp-content\/uploads\/2026\/08\/Koenigspaar_2026_%C2%A9AOlde-2026-SV-Kongo308-scaled.jpg?resize=1050%2C600&ssl=1 3x, https:\/\/i0.wp.com\/www.hubertus-schuetzenverein.de\/wp-content\/uploads\/2026\/08\/Koenigspaar_2026_%C2%A9AOlde-2026-SV-Kongo308-scaled.jpg?resize=1400%2C800&ssl=1 4x"},"classes":[]},{"id":8367,"url":"https:\/\/www.hubertus-schuetzenverein.de\/?p=8367","url_meta":{"origin":8364,"position":1},"title":"Bericht der Generalversammlung 2022","author":"Thorsten","date":"November 28, 2022","format":false,"excerpt":"Neuwahlen beim Hubertus-Sch\u00fctzenverein Salzbergen e.V Der Vorstand des Hubertus-Sch\u00fctzenverein Salzbergen e.V. wurde auf der Generalversammlung durch 2 neue Mitglieder verst\u00e4rkt. Die Sch\u00fctzenbr\u00fcder Bernd Elling und Bj\u00f6rn Cichon wurden verabschiedet. Auf das Pr\u00e4sent, das die beiden f\u00fcr ihre jahrelange Vorstandsarbeit bekommen h\u00e4tten, verzichteten sie und spendeten den Betrag an die Kindertagesst\u00e4tte\u2026","rel":"","context":"In &quot;Infos&quot;","block_context":{"text":"Infos","link":"https:\/\/www.hubertus-schuetzenverein.de\/?cat=1"},"img":{"alt_text":"","src":"https:\/\/i0.wp.com\/www.hubertus-schuetzenverein.de\/wp-content\/uploads\/2022\/12\/85D827CE-191C-4C8F-86C8-4DCC07492671-scaled.jpeg?resize=350%2C200&ssl=1","width":350,"height":200,"srcset":"https:\/\/i0.wp.com\/www.hubertus-schuetzenverein.de\/wp-content\/uploads\/2022\/12\/85D827CE-191C-4C8F-86C8-4DCC07492671-scaled.jpeg?resize=350%2C200&ssl=1 1x, https:\/\/i0.wp.com\/www.hubertus-schuetzenverein.de\/wp-content\/uploads\/2022\/12\/85D827CE-191C-4C8F-86C8-4DCC07492671-scaled.jpeg?resize=525%2C300&ssl=1 1.5x, https:\/\/i0.wp.com\/www.hubertus-schuetzenverein.de\/wp-content\/uploads\/2022\/12\/85D827CE-191C-4C8F-86C8-4DCC07492671-scaled.jpeg?resize=700%2C400&ssl=1 2x, https:\/\/i0.wp.com\/www.hubertus-schuetzenverein.de\/wp-content\/uploads\/2022\/12\/85D827CE-191C-4C8F-86C8-4DCC07492671-scaled.jpeg?resize=1050%2C600&ssl=1 3x, https:\/\/i0.wp.com\/www.hubertus-schuetzenverein.de\/wp-content\/uploads\/2022\/12\/85D827CE-191C-4C8F-86C8-4DCC07492671-scaled.jpeg?resize=1400%2C800&ssl=1 4x"},"classes":[]},{"id":9061,"url":"https:\/\/www.hubertus-schuetzenverein.de\/?p=9061","url_meta":{"origin":8364,"position":2},"title":"Neuwahlen beim Hubertus-Sch\u00fctzenverein Salzbergen e.V.","author":"Thorsten","date":"November 28, 2024","format":false,"excerpt":"Am 23.11.2024 fand im Dorfgemeinschaftshaus Steide die Generalversammlung des Hubertus-Sch\u00fctzenverein Salzbergen e.V. statt, nach der aufgrund der Wiederwahl mehrerer Vorstandsmitglieder der Vorstand nun nach wie vor aus den folgenden Personen besteht: 1. Vorsitzender Thomas M\u00fclder, 2. Vorsitzender Matthias R\u00f6ttering, 1. Kassierer Daniel Thien, 2. Kassierer Andr\u00e9 Elling, 1. Schriftf\u00fchrer Thorsten\u2026","rel":"","context":"In &quot;Infos&quot;","block_context":{"text":"Infos","link":"https:\/\/www.hubertus-schuetzenverein.de\/?cat=1"},"img":{"alt_text":"","src":"https:\/\/i0.wp.com\/www.hubertus-schuetzenverein.de\/wp-content\/uploads\/2024\/11\/Foto_Vorstand-scaled.jpg?resize=350%2C200&ssl=1","width":350,"height":200,"srcset":"https:\/\/i0.wp.com\/www.hubertus-schuetzenverein.de\/wp-content\/uploads\/2024\/11\/Foto_Vorstand-scaled.jpg?resize=350%2C200&ssl=1 1x, https:\/\/i0.wp.com\/www.hubertus-schuetzenverein.de\/wp-content\/uploads\/2024\/11\/Foto_Vorstand-scaled.jpg?resize=525%2C300&ssl=1 1.5x, https:\/\/i0.wp.com\/www.hubertus-schuetzenverein.de\/wp-content\/uploads\/2024\/11\/Foto_Vorstand-scaled.jpg?resize=700%2C400&ssl=1 2x, https:\/\/i0.wp.com\/www.hubertus-schuetzenverein.de\/wp-content\/uploads\/2024\/11\/Foto_Vorstand-scaled.jpg?resize=1050%2C600&ssl=1 3x, https:\/\/i0.wp.com\/www.hubertus-schuetzenverein.de\/wp-content\/uploads\/2024\/11\/Foto_Vorstand-scaled.jpg?resize=1400%2C800&ssl=1 4x"},"classes":[]},{"id":8664,"url":"https:\/\/www.hubertus-schuetzenverein.de\/?p=8664","url_meta":{"origin":8364,"position":3},"title":"Torbogen erfolgreich restauriert","author":"Thorsten","date":"Juli 26, 2024","format":false,"excerpt":"Dem einen oder anderen ist in der Vergangenheit bereits aufgefallen, dass der Torbogen nicht mehr in bestem Zustand war. Nachdem sich auch erste L\u00f6cher zeigten, war man zum Handeln gezwungen. Umso gl\u00fccklicher ist man nun, dass nach etlichen ehrenamtlichen Stunden und vielen anpackenden H\u00e4nden der Torbogen erfolgreich restauriert wurde. Besonders\u2026","rel":"","context":"In &quot;Infos&quot;","block_context":{"text":"Infos","link":"https:\/\/www.hubertus-schuetzenverein.de\/?cat=1"},"img":{"alt_text":"","src":"https:\/\/i0.wp.com\/www.hubertus-schuetzenverein.de\/wp-content\/uploads\/2024\/07\/WhatsApp-Image-2024-07-24-at-14.36.41-1.jpeg?resize=350%2C200","width":350,"height":200,"srcset":"https:\/\/i0.wp.com\/www.hubertus-schuetzenverein.de\/wp-content\/uploads\/2024\/07\/WhatsApp-Image-2024-07-24-at-14.36.41-1.jpeg?resize=350%2C200 1x, https:\/\/i0.wp.com\/www.hubertus-schuetzenverein.de\/wp-content\/uploads\/2024\/07\/WhatsApp-Image-2024-07-24-at-14.36.41-1.jpeg?resize=525%2C300 1.5x, https:\/\/i0.wp.com\/www.hubertus-schuetzenverein.de\/wp-content\/uploads\/2024\/07\/WhatsApp-Image-2024-07-24-at-14.36.41-1.jpeg?resize=700%2C400 2x, https:\/\/i0.wp.com\/www.hubertus-schuetzenverein.de\/wp-content\/uploads\/2024\/07\/WhatsApp-Image-2024-07-24-at-14.36.41-1.jpeg?resize=1050%2C600 3x, https:\/\/i0.wp.com\/www.hubertus-schuetzenverein.de\/wp-content\/uploads\/2024\/07\/WhatsApp-Image-2024-07-24-at-14.36.41-1.jpeg?resize=1400%2C800 4x"},"classes":[]},{"id":8657,"url":"https:\/\/www.hubertus-schuetzenverein.de\/?p=8657","url_meta":{"origin":8364,"position":4},"title":"Einladung Sch\u00fctzenfest 2024","author":"Thorsten","date":"Juli 12, 2024","format":false,"excerpt":"Lieber Sch\u00fctzenbruder, zu unserem Sch\u00fctzenfest vom 10. bis 13. August 2024 laden wir Dich und Deine Angeh\u00f6rigen recht herzlich ein. Programmablauf:Samstag, 10. August 202419:00 Uhr Wortgottesdienst mit Pastor Droste, anschlie\u00dfend findet erstmals das Wachek\u00f6nigschie\u00dfen auf demFestplatz statt. Danach Jugendtanz mit DJ-Team \u201eXplosion\u201c.Am Abend wird, wie gewohnt, am Platzeingang der Eintritt\u2026","rel":"","context":"In &quot;Infos&quot;","block_context":{"text":"Infos","link":"https:\/\/www.hubertus-schuetzenverein.de\/?cat=1"},"img":{"alt_text":"","src":"","width":0,"height":0},"classes":[]},{"id":8622,"url":"https:\/\/www.hubertus-schuetzenverein.de\/?p=8622","url_meta":{"origin":8364,"position":5},"title":"Bericht Generalversammlung 2023","author":"Thorsten","date":"Januar 8, 2024","format":false,"excerpt":"Neuer Festwirt beim Hubertus-Sch\u00fctzenverein Salzbergen e.V. Am 25.11.2023 fand die Generalversammlung des Hubertus-Sch\u00fctzenvereins Salzbergen e.V. im Dorfgemeinschaftshaus Steide statt. Hierzu konnte der erste Vorsitzende Thomas M\u00fclder die in gro\u00dfer Zahl erschienenen Mitglieder und insbesondere Ehrenoberst Willi Sch\u00fcring, Ehrenadjudanten Heinz Piepel und Ehrenvorstand Bernhard Elling begr\u00fc\u00dfen. Nach dem Verlesen des Protokolls\u2026","rel":"","context":"In &quot;Infos&quot;","block_context":{"text":"Infos","link":"https:\/\/www.hubertus-schuetzenverein.de\/?cat=1"},"img":{"alt_text":"","src":"","width":0,"height":0},"classes":[]}],"jetpack_featured_media_url":"","_links":{"self":[{"href":"https:\/\/www.hubertus-schuetzenverein.de\/index.php?rest_route=\/wp\/v2\/posts\/8364","targetHints":{"allow":["GET"]}}],"collection":[{"href":"https:\/\/www.hubertus-schuetzenverein.de\/index.php?rest_route=\/wp\/v2\/posts"}],"about":[{"href":"https:\/\/www.hubertus-schuetzenverein.de\/index.php?rest_route=\/wp\/v2\/types\/post"}],"author":[{"embeddable":true,"href":"https:\/\/www.hubertus-schuetzenverein.de\/index.php?rest_route=\/wp\/v2\/users\/1"}],"replies":[{"embeddable":true,"href":"https:\/\/www.hubertus-schuetzenverein.de\/index.php?rest_route=%2Fwp%2Fv2%2Fcomments&post=8364"}],"version-history":[{"count":2,"href":"https:\/\/www.hubertus-schuetzenverein.de\/index.php?rest_route=\/wp\/v2\/posts\/8364\/revisions"}],"predecessor-version":[{"id":8487,"href":"https:\/\/www.hubertus-schuetzenverein.de\/index.php?rest_route=\/wp\/v2\/posts\/8364\/revisions\/8487"}],"wp:attachment":[{"href":"https:\/\/www.hubertus-schuetzenverein.de\/index.php?rest_route=%2Fwp%2Fv2%2Fmedia&parent=8364"}],"wp:term":[{"taxonomy":"category","embeddable":true,"href":"https:\/\/www.hubertus-schuetzenverein.de\/index.php?rest_route=%2Fwp%2Fv2%2Fcategories&post=8364"},{"taxonomy":"post_tag","embeddable":true,"href":"https:\/\/www.hubertus-schuetzenverein.de\/index.php?rest_route=%2Fwp%2Fv2%2Ftags&post=8364"}],"curies":[{"name":"wp","href":"https:\/\/api.w.org\/{rel}","templated":true}]}}